{"id":490,"date":"2022-12-14T15:49:42","date_gmt":"2022-12-14T14:49:42","guid":{"rendered":"http:\/\/donostiamusika.org\/franz-schubert-zikloaren-aurkezpena\/"},"modified":"2023-01-25T11:17:45","modified_gmt":"2023-01-25T10:17:45","slug":"presentacion-del-ciclo-franz-schubert","status":"publish","type":"post","link":"https:\/\/donostiamusika.org\/eu\/presentacion-del-ciclo-franz-schubert\/","title":{"rendered":"Presentaci\u00f3n del <strong>Ciclo Franz Schubert<\/strong>"},"content":{"rendered":"\n<p>Este pasado martes, 29 de noviembre, presentamos el Ciclo Franz Schubert que iniciaremos el pr\u00f3ximo a\u00f1o 2023 y que cuenta con una programaci\u00f3n de 15 conciertos&nbsp;en el Teatro Victoria Eugenia y el Teatro Principal.<\/p>\n\n\n\n<p>La programaci\u00f3n se centra en la m\u00fasica de c\u00e1mara. En los&nbsp;4 subciclos&nbsp;programados se podr\u00e1 escuchar la m\u00fasica de c\u00e1mara m\u00e1s famosa del compositor con m\u00e1s dedicaci\u00f3n a su m\u00fasica para&nbsp;piano, que se realizar\u00e1n en el&nbsp;Teatro Victoria Eugenia. Contaremos tambi\u00e9n con un subciclo de canciones (lied), en la&nbsp;Sala Club del Teatro Victoria Eugenia.<\/p>\n\n\n\n<p>Los otros dos subciclos son novedosos: uno estar\u00e1 dedicado a&nbsp;J\u00f3venes Int\u00e9rpretes&nbsp;y se celebrar\u00e1 en el&nbsp;Teatro Principal, donde alumnado y profesores de Musikene nos ofrecer\u00e1n tres joyas de la m\u00fasica de c\u00e1mara de Schubert; y el segundo programar\u00e1&nbsp;videos musicales&nbsp;en la sede del&nbsp;Colegio Oficial de M\u00e9dicos de Gipuzkoa, donde podremos ver y escuchar \u00f3peras, sinfon\u00edas y misas de Schubert.<\/p>\n\n\n\n<p>Finalmente, como es habitual, Donostia Musika editar\u00e1 un&nbsp;libro&nbsp;que ayude a comprender la obra de Schubert, incluyendo las traducciones de todas las canciones (lied) tanto al euskera como al castellano.<\/p>\n\n\n\n<p>Las&nbsp;<strong>entradas sueltas y los dos abonos<\/strong>&nbsp;se pondr\u00e1n a la venta<strong>&nbsp;el 30 de noviembre<\/strong>, a partir de las<strong>&nbsp;11:30<\/strong>&nbsp;horas, en las taquillas del Teatro Victoria Eugenia y del Teatro Principal y en<a href=\"https:\/\/www.donostiakultura.eus\/sarrerak\"> https:\/\/www.donostiakultura.eus\/es\/entradas\/compra-entradas<\/a><\/p>\n\n\n\n<p>Noticias relacionadas:<\/p>\n\n\n\n<ul class=\"wp-block-list\">\n<li><a href=\"https:\/\/www.donostiakultura.eus\/es\/actualidad\/noticias\/ciclo-franz-schubert-de-la-mano-de-donostia-musika-en-2023\">https:\/\/www.donostiakultura.eus\/es\/actualidad\/noticias\/ciclo-franz-schubert-de-la-mano-de-donostia-musika-en-2023<\/a><\/li>\n\n\n\n<li><a href=\"https:\/\/www.noticiasdegipuzkoa.eus\/cultura\/2022\/11\/29\/ciclo-quince-conciertos-redescubrira-franz-6271334.html\">https:\/\/www.noticiasdegipuzkoa.eus\/cultura\/2022\/11\/29\/ciclo-quince-conciertos-redescubrira-franz-6271334.html<\/a><\/li>\n\n\n\n<li>https:\/\/www.diariovasco.com\/culturas\/musica\/musica-schubert-protagonizara-20221129124844-nt.html<\/li>\n<\/ul>\n","protected":false},"excerpt":{"rendered":"<p>Este pasado martes, 29 de noviembre, presentamos el Ciclo Franz Schubert que iniciaremos el pr\u00f3ximo a\u00f1o 2023 y que cuenta con una programaci\u00f3n de &#8230; <\/p>\n<p class=\"read-more-container\"><a title=\"Presentaci\u00f3n del Ciclo Franz Schubert\" class=\"read-more button\" href=\"https:\/\/donostiamusika.org\/eu\/presentacion-del-ciclo-franz-schubert\/#more-490\" aria-label=\"Read more about Presentaci\u00f3n del Ciclo Franz Schubert\">Leer m\u00e1s<\/a><\/p>\n","protected":false},"author":1,"featured_media":0,"comment_status":"closed","ping_status":"closed","sticky":false,"template":"","format":"standard","meta":{"_acf_changed":false,"footnotes":""},"categories":[6],"tags":[],"class_list":["post-490","post","type-post","status-publish","format-standard","hentry","category-uncategorized-eu","generate-columns","tablet-grid-50","mobile-grid-100","grid-parent","grid-25"],"acf":[],"yoast_head":"<!-- This site is optimized with the Yoast SEO plugin v27.1.1 - https:\/\/yoast.com\/product\/yoast-seo-wordpress\/ -->\n<title>Presentaci\u00f3n del Ciclo Franz Schubert - Donostia Musika<\/title>\n<meta name=\"robots\" content=\"index, follow, max-snippet:-1, max-image-preview:large, max-video-preview:-1\" \/>\n<link rel=\"canonical\" href=\"https:\/\/donostiamusika.org\/eu\/presentacion-del-ciclo-franz-schubert\/\" \/>\n<meta property=\"og:locale\" content=\"eu_ES\" \/>\n<meta property=\"og:type\" content=\"article\" \/>\n<meta property=\"og:title\" content=\"Presentaci\u00f3n del Ciclo Franz Schubert - Donostia Musika\" \/>\n<meta property=\"og:description\" content=\"Este pasado martes, 29 de noviembre, presentamos el Ciclo Franz Schubert que iniciaremos el pr\u00f3ximo a\u00f1o 2023 y que cuenta con una programaci\u00f3n de ... Leer m\u00e1s\" \/>\n<meta property=\"og:url\" content=\"https:\/\/donostiamusika.org\/eu\/presentacion-del-ciclo-franz-schubert\/\" \/>\n<meta property=\"og:site_name\" content=\"Donostia Musika\" \/>\n<meta property=\"article:published_time\" content=\"2022-12-14T14:49:42+00:00\" \/>\n<meta property=\"article:modified_time\" content=\"2023-01-25T10:17:45+00:00\" \/>\n<meta name=\"author\" content=\"Sergio\" \/>\n<meta name=\"twitter:card\" content=\"summary_large_image\" \/>\n<meta name=\"twitter:label1\" content=\"Written by\" \/>\n\t<meta name=\"twitter:data1\" content=\"Sergio\" \/>\n\t<meta name=\"twitter:label2\" content=\"Est. reading time\" \/>\n\t<meta name=\"twitter:data2\" content=\"1 minute\" \/>\n<script type=\"application\/ld+json\" class=\"yoast-schema-graph\">{\"@context\":\"https:\/\/schema.org\",\"@graph\":[{\"@type\":\"Article\",\"@id\":\"https:\/\/donostiamusika.org\/eu\/presentacion-del-ciclo-franz-schubert\/#article\",\"isPartOf\":{\"@id\":\"https:\/\/donostiamusika.org\/eu\/presentacion-del-ciclo-franz-schubert\/\"},\"author\":{\"name\":\"Sergio\",\"@id\":\"https:\/\/donostiamusika.org\/#\/schema\/person\/45f4516438f34fc040161a27f91e2095\"},\"headline\":\"Presentaci\u00f3n del Ciclo Franz Schubert\",\"datePublished\":\"2022-12-14T14:49:42+00:00\",\"dateModified\":\"2023-01-25T10:17:45+00:00\",\"mainEntityOfPage\":{\"@id\":\"https:\/\/donostiamusika.org\/eu\/presentacion-del-ciclo-franz-schubert\/\"},\"wordCount\":295,\"publisher\":{\"@id\":\"https:\/\/donostiamusika.org\/#organization\"},\"articleSection\":[\"Uncategorized @eu\"],\"inLanguage\":\"eu-ES\"},{\"@type\":\"WebPage\",\"@id\":\"https:\/\/donostiamusika.org\/eu\/presentacion-del-ciclo-franz-schubert\/\",\"url\":\"https:\/\/donostiamusika.org\/eu\/presentacion-del-ciclo-franz-schubert\/\",\"name\":\"Presentaci\u00f3n del Ciclo Franz Schubert - Donostia Musika\",\"isPartOf\":{\"@id\":\"https:\/\/donostiamusika.org\/#website\"},\"datePublished\":\"2022-12-14T14:49:42+00:00\",\"dateModified\":\"2023-01-25T10:17:45+00:00\",\"breadcrumb\":{\"@id\":\"https:\/\/donostiamusika.org\/eu\/presentacion-del-ciclo-franz-schubert\/#breadcrumb\"},\"inLanguage\":\"eu-ES\",\"potentialAction\":[{\"@type\":\"ReadAction\",\"target\":[\"https:\/\/donostiamusika.org\/eu\/presentacion-del-ciclo-franz-schubert\/\"]}]},{\"@type\":\"BreadcrumbList\",\"@id\":\"https:\/\/donostiamusika.org\/eu\/presentacion-del-ciclo-franz-schubert\/#breadcrumb\",\"itemListElement\":[{\"@type\":\"ListItem\",\"position\":1,\"name\":\"Portada\",\"item\":\"https:\/\/donostiamusika.org\/eu\/\"},{\"@type\":\"ListItem\",\"position\":2,\"name\":\"Presentaci\u00f3n del Ciclo Franz Schubert\"}]},{\"@type\":\"WebSite\",\"@id\":\"https:\/\/donostiamusika.org\/#website\",\"url\":\"https:\/\/donostiamusika.org\/\",\"name\":\"Donostia Musika\",\"description\":\"DONOSTIA-MUSIKA pretende la difusi\u00f3n de la m\u00fasica y quiere representar el lugar de encuentro de las distintas sensibilidades musicales existentes.\",\"publisher\":{\"@id\":\"https:\/\/donostiamusika.org\/#organization\"},\"potentialAction\":[{\"@type\":\"SearchAction\",\"target\":{\"@type\":\"EntryPoint\",\"urlTemplate\":\"https:\/\/donostiamusika.org\/?s={search_term_string}\"},\"query-input\":{\"@type\":\"PropertyValueSpecification\",\"valueRequired\":true,\"valueName\":\"search_term_string\"}}],\"inLanguage\":\"eu-ES\"},{\"@type\":\"Organization\",\"@id\":\"https:\/\/donostiamusika.org\/#organization\",\"name\":\"Donostia Musika\",\"url\":\"https:\/\/donostiamusika.org\/\",\"logo\":{\"@type\":\"ImageObject\",\"inLanguage\":\"eu-ES\",\"@id\":\"https:\/\/donostiamusika.org\/#\/schema\/logo\/image\/\",\"url\":\"https:\/\/donostiamusika.org\/wp-content\/uploads\/2022\/11\/DonostiaMusika_Logo.png\",\"contentUrl\":\"https:\/\/donostiamusika.org\/wp-content\/uploads\/2022\/11\/DonostiaMusika_Logo.png\",\"width\":350,\"height\":145,\"caption\":\"Donostia Musika\"},\"image\":{\"@id\":\"https:\/\/donostiamusika.org\/#\/schema\/logo\/image\/\"}},{\"@type\":\"Person\",\"@id\":\"https:\/\/donostiamusika.org\/#\/schema\/person\/45f4516438f34fc040161a27f91e2095\",\"name\":\"Sergio\",\"image\":{\"@type\":\"ImageObject\",\"inLanguage\":\"eu-ES\",\"@id\":\"https:\/\/donostiamusika.org\/#\/schema\/person\/image\/\",\"url\":\"https:\/\/secure.gravatar.com\/avatar\/a7d1b444c33a3e9943bfdc51e89ddc19ba81f816f205cf49c0f1113bad811a11?s=96&d=mm&r=g\",\"contentUrl\":\"https:\/\/secure.gravatar.com\/avatar\/a7d1b444c33a3e9943bfdc51e89ddc19ba81f816f205cf49c0f1113bad811a11?s=96&d=mm&r=g\",\"caption\":\"Sergio\"},\"sameAs\":[\"https:\/\/donostiamusika.org\"],\"url\":\"https:\/\/donostiamusika.org\/eu\/author\/sergio\/\"}]}<\/script>\n<!-- \/ Yoast SEO plugin. -->","yoast_head_json":{"title":"Presentaci\u00f3n del Ciclo Franz Schubert - Donostia Musika","robots":{"index":"index","follow":"follow","max-snippet":"max-snippet:-1","max-image-preview":"max-image-preview:large","max-video-preview":"max-video-preview:-1"},"canonical":"https:\/\/donostiamusika.org\/eu\/presentacion-del-ciclo-franz-schubert\/","og_locale":"eu_ES","og_type":"article","og_title":"Presentaci\u00f3n del Ciclo Franz Schubert - Donostia Musika","og_description":"Este pasado martes, 29 de noviembre, presentamos el Ciclo Franz Schubert que iniciaremos el pr\u00f3ximo a\u00f1o 2023 y que cuenta con una programaci\u00f3n de ... Leer m\u00e1s","og_url":"https:\/\/donostiamusika.org\/eu\/presentacion-del-ciclo-franz-schubert\/","og_site_name":"Donostia Musika","article_published_time":"2022-12-14T14:49:42+00:00","article_modified_time":"2023-01-25T10:17:45+00:00","author":"Sergio","twitter_card":"summary_large_image","twitter_misc":{"Written by":"Sergio","Est. reading time":"1 minute"},"schema":{"@context":"https:\/\/schema.org","@graph":[{"@type":"Article","@id":"https:\/\/donostiamusika.org\/eu\/presentacion-del-ciclo-franz-schubert\/#article","isPartOf":{"@id":"https:\/\/donostiamusika.org\/eu\/presentacion-del-ciclo-franz-schubert\/"},"author":{"name":"Sergio","@id":"https:\/\/donostiamusika.org\/#\/schema\/person\/45f4516438f34fc040161a27f91e2095"},"headline":"Presentaci\u00f3n del Ciclo Franz Schubert","datePublished":"2022-12-14T14:49:42+00:00","dateModified":"2023-01-25T10:17:45+00:00","mainEntityOfPage":{"@id":"https:\/\/donostiamusika.org\/eu\/presentacion-del-ciclo-franz-schubert\/"},"wordCount":295,"publisher":{"@id":"https:\/\/donostiamusika.org\/#organization"},"articleSection":["Uncategorized @eu"],"inLanguage":"eu-ES"},{"@type":"WebPage","@id":"https:\/\/donostiamusika.org\/eu\/presentacion-del-ciclo-franz-schubert\/","url":"https:\/\/donostiamusika.org\/eu\/presentacion-del-ciclo-franz-schubert\/","name":"Presentaci\u00f3n del Ciclo Franz Schubert - Donostia Musika","isPartOf":{"@id":"https:\/\/donostiamusika.org\/#website"},"datePublished":"2022-12-14T14:49:42+00:00","dateModified":"2023-01-25T10:17:45+00:00","breadcrumb":{"@id":"https:\/\/donostiamusika.org\/eu\/presentacion-del-ciclo-franz-schubert\/#breadcrumb"},"inLanguage":"eu-ES","potentialAction":[{"@type":"ReadAction","target":["https:\/\/donostiamusika.org\/eu\/presentacion-del-ciclo-franz-schubert\/"]}]},{"@type":"BreadcrumbList","@id":"https:\/\/donostiamusika.org\/eu\/presentacion-del-ciclo-franz-schubert\/#breadcrumb","itemListElement":[{"@type":"ListItem","position":1,"name":"Portada","item":"https:\/\/donostiamusika.org\/eu\/"},{"@type":"ListItem","position":2,"name":"Presentaci\u00f3n del Ciclo Franz Schubert"}]},{"@type":"WebSite","@id":"https:\/\/donostiamusika.org\/#website","url":"https:\/\/donostiamusika.org\/","name":"Donostia Musika","description":"DONOSTIA-MUSIKA pretende la difusi\u00f3n de la m\u00fasica y quiere representar el lugar de encuentro de las distintas sensibilidades musicales existentes.","publisher":{"@id":"https:\/\/donostiamusika.org\/#organization"},"potentialAction":[{"@type":"SearchAction","target":{"@type":"EntryPoint","urlTemplate":"https:\/\/donostiamusika.org\/?s={search_term_string}"},"query-input":{"@type":"PropertyValueSpecification","valueRequired":true,"valueName":"search_term_string"}}],"inLanguage":"eu-ES"},{"@type":"Organization","@id":"https:\/\/donostiamusika.org\/#organization","name":"Donostia Musika","url":"https:\/\/donostiamusika.org\/","logo":{"@type":"ImageObject","inLanguage":"eu-ES","@id":"https:\/\/donostiamusika.org\/#\/schema\/logo\/image\/","url":"https:\/\/donostiamusika.org\/wp-content\/uploads\/2022\/11\/DonostiaMusika_Logo.png","contentUrl":"https:\/\/donostiamusika.org\/wp-content\/uploads\/2022\/11\/DonostiaMusika_Logo.png","width":350,"height":145,"caption":"Donostia Musika"},"image":{"@id":"https:\/\/donostiamusika.org\/#\/schema\/logo\/image\/"}},{"@type":"Person","@id":"https:\/\/donostiamusika.org\/#\/schema\/person\/45f4516438f34fc040161a27f91e2095","name":"Sergio","image":{"@type":"ImageObject","inLanguage":"eu-ES","@id":"https:\/\/donostiamusika.org\/#\/schema\/person\/image\/","url":"https:\/\/secure.gravatar.com\/avatar\/a7d1b444c33a3e9943bfdc51e89ddc19ba81f816f205cf49c0f1113bad811a11?s=96&d=mm&r=g","contentUrl":"https:\/\/secure.gravatar.com\/avatar\/a7d1b444c33a3e9943bfdc51e89ddc19ba81f816f205cf49c0f1113bad811a11?s=96&d=mm&r=g","caption":"Sergio"},"sameAs":["https:\/\/donostiamusika.org"],"url":"https:\/\/donostiamusika.org\/eu\/author\/sergio\/"}]}},"_links":{"self":[{"href":"https:\/\/donostiamusika.org\/eu\/wp-json\/wp\/v2\/posts\/490","targetHints":{"allow":["GET"]}}],"collection":[{"href":"https:\/\/donostiamusika.org\/eu\/wp-json\/wp\/v2\/posts"}],"about":[{"href":"https:\/\/donostiamusika.org\/eu\/wp-json\/wp\/v2\/types\/post"}],"author":[{"embeddable":true,"href":"https:\/\/donostiamusika.org\/eu\/wp-json\/wp\/v2\/users\/1"}],"replies":[{"embeddable":true,"href":"https:\/\/donostiamusika.org\/eu\/wp-json\/wp\/v2\/comments?post=490"}],"version-history":[{"count":2,"href":"https:\/\/donostiamusika.org\/eu\/wp-json\/wp\/v2\/posts\/490\/revisions"}],"predecessor-version":[{"id":610,"href":"https:\/\/donostiamusika.org\/eu\/wp-json\/wp\/v2\/posts\/490\/revisions\/610"}],"wp:attachment":[{"href":"https:\/\/donostiamusika.org\/eu\/wp-json\/wp\/v2\/media?parent=490"}],"wp:term":[{"taxonomy":"category","embeddable":true,"href":"https:\/\/donostiamusika.org\/eu\/wp-json\/wp\/v2\/categories?post=490"},{"taxonomy":"post_tag","embeddable":true,"href":"https:\/\/donostiamusika.org\/eu\/wp-json\/wp\/v2\/tags?post=490"}],"curies":[{"name":"wp","href":"https:\/\/api.w.org\/{rel}","templated":true}]}}